{"id":2446,"date":"2026-04-28T12:21:16","date_gmt":"2026-04-28T10:21:16","guid":{"rendered":"https:\/\/jugend-dirigiert.de\/?p=2446"},"modified":"2026-04-28T12:39:05","modified_gmt":"2026-04-28T10:39:05","slug":"keine-angst-vor-neuer-musik-kinder-erfinden-klang","status":"publish","type":"post","link":"https:\/\/jugend-dirigiert.de\/en\/keine-angst-vor-neuer-musik-kinder-erfinden-klang\/","title":{"rendered":"Keine Angst vor neuer Musik \u2013 Kinder erfinden Klang"},"content":{"rendered":"\t\t<div data-elementor-type=\"wp-post\" data-elementor-id=\"2446\" class=\"elementor elementor-2446 elementor-2402\" data-elementor-post-type=\"post\">\n\t\t\t\t<div class=\"elementor-element elementor-element-62f925f e-flex e-con-boxed e-con e-parent\" data-id=\"62f925f\" data-element_type=\"container\">\n\t\t\t\t\t<div class=\"e-con-inner\">\n\t\t\t\t<div class=\"elementor-element elementor-element-cbdeaee elementor-widget elementor-widget-text-editor\" data-id=\"cbdeaee\" data-element_type=\"widget\" data-widget_type=\"text-editor.default\">\n\t\t\t\t<div class=\"elementor-widget-container\">\n\t\t\t\t\t\t\t\t\t<h3>Was passiert, wenn Kinder nicht Musik lernen \u2013 sondern sie selbst erfinden?<\/h3><p>Keine Angst vor neuer Musik \u00f6ffnet einen Raum, in dem genau das geschieht. Sch\u00fclerinnen und Sch\u00fcler werden zu Klangforscher:innen und Komponist:innen. Sie entdecken, dass Musik \u00fcberall ist: im Ger\u00e4usch, im Atem, im Raum, im Allt\u00e4glichen. Und vor allem \u2013 in ihnen selbst.<\/p><p>Gemeinsam mit professionellen Musiker:innen experimentieren sie mit Orchesterinstrumenten, selbstgebauten Klangk\u00f6rpern, Stimme und digitalen Tools. Sie entwickeln eigene Klangwelten, zeichnen grafische Partituren und erschaffen St\u00fccke, die es so noch nie gegeben hat. Hier gibt es kein \u201erichtig\u201c oder \u201efalsch\u201c \u2013 sondern Neugier, Mut und die Freiheit, den eigenen Klang zu finden.<\/p><p>Neue Musik wird dabei nicht erkl\u00e4rt, sondern erlebt: als offenes Feld, das gestaltet werden kann. Die Kinder entscheiden gemeinsam, h\u00f6ren einander zu, verhandeln Ideen und erleben, was es hei\u00dft, k\u00fcnstlerisch und demokratisch zu arbeiten.<\/p><p>Der H\u00f6hepunkt: Ein Konzert in der Berliner Philharmonie.<br \/>Dort stehen nicht nur Profis auf der B\u00fchne \u2013 sondern die Musik der Kinder selbst. Gemeinsam mit dem Hauptstadt-Sinfonieorchester bringen sie ihre Werke in einen Raum, der sonst oft unerreichbar scheint. Pl\u00f6tzlich geh\u00f6rt er ihnen.<\/p><p>So wird aus Distanz N\u00e4he.<br \/>Aus Zuh\u00f6ren wird Gestalten.<br \/>Und aus \u201eNeuer Musik\u201c wird ihre Musik.<\/p>\t\t\t\t\t\t\t\t<\/div>\n\t\t\t\t<\/div>\n\t\t\t\t<div class=\"elementor-element elementor-element-76f326f elementor-widget elementor-widget-gallery\" data-id=\"76f326f\" data-element_type=\"widget\" data-settings=\"{&quot;columns&quot;:3,&quot;lazyload&quot;:&quot;yes&quot;,&quot;gallery_layout&quot;:&quot;grid&quot;,&quot;columns_tablet&quot;:2,&quot;columns_mobile&quot;:1,&quot;gap&quot;:{&quot;unit&quot;:&quot;px&quot;,&quot;size&quot;:10,&quot;sizes&quot;:[]},&quot;gap_tablet&quot;:{&quot;unit&quot;:&quot;px&quot;,&quot;size&quot;:10,&quot;sizes&quot;:[]},&quot;gap_mobile&quot;:{&quot;unit&quot;:&quot;px&quot;,&quot;size&quot;:10,&quot;sizes&quot;:[]},&quot;link_to&quot;:&quot;file&quot;,&quot;aspect_ratio&quot;:&quot;3:2&quot;,&quot;overlay_background&quot;:&quot;yes&quot;,&quot;content_hover_animation&quot;:&quot;fade-in&quot;}\" data-widget_type=\"gallery.default\">\n\t\t\t\t<div class=\"elementor-widget-container\">\n\t\t\t\t\t\t\t<div class=\"elementor-gallery__container\">\n\t\t\t\t\t\t\t<a class=\"e-gallery-item elementor-gallery-item elementor-animated-content\" href=\"https:\/\/jugend-dirigiert.de\/wp-content\/uploads\/2026\/04\/Dein-Abschnittstext-4_1.jpg\" data-elementor-open-lightbox=\"yes\" data-elementor-lightbox-slideshow=\"76f326f\" data-elementor-lightbox-title=\"Dein Abschnittstext-4_1\" data-e-action-hash=\"#elementor-action%3Aaction%3Dlightbox%26settings%3DeyJpZCI6MjQxNCwidXJsIjoiaHR0cHM6XC9cL2p1Z2VuZC1kaXJpZ2llcnQuZGVcL3dwLWNvbnRlbnRcL3VwbG9hZHNcLzIwMjZcLzA0XC9EZWluLUFic2Nobml0dHN0ZXh0LTRfMS5qcGciLCJzbGlkZXNob3ciOiI3NmYzMjZmIn0%3D\">\n\t\t\t\t\t<div class=\"e-gallery-image elementor-gallery-item__image\" data-thumbnail=\"https:\/\/jugend-dirigiert.de\/wp-content\/uploads\/2026\/04\/Dein-Abschnittstext-4_1.jpg\" data-width=\"1938\" data-height=\"1234\" aria-label=\"\" role=\"img\" ><\/div>\n\t\t\t\t\t\t\t\t\t\t\t<div class=\"elementor-gallery-item__overlay\"><\/div>\n\t\t\t\t\t\t\t\t\t\t\t\t\t\t<\/a>\n\t\t\t\t\t\t\t<a class=\"e-gallery-item elementor-gallery-item elementor-animated-content\" href=\"https:\/\/jugend-dirigiert.de\/wp-content\/uploads\/2026\/04\/Dein-Abschnittstext-5_1.jpg\" data-elementor-open-lightbox=\"yes\" data-elementor-lightbox-slideshow=\"76f326f\" data-elementor-lightbox-title=\"Dein Abschnittstext-5_1\" data-e-action-hash=\"#elementor-action%3Aaction%3Dlightbox%26settings%3DeyJpZCI6MjQxNiwidXJsIjoiaHR0cHM6XC9cL2p1Z2VuZC1kaXJpZ2llcnQuZGVcL3dwLWNvbnRlbnRcL3VwbG9hZHNcLzIwMjZcLzA0XC9EZWluLUFic2Nobml0dHN0ZXh0LTVfMS5qcGciLCJzbGlkZXNob3ciOiI3NmYzMjZmIn0%3D\">\n\t\t\t\t\t<div class=\"e-gallery-image elementor-gallery-item__image\" data-thumbnail=\"https:\/\/jugend-dirigiert.de\/wp-content\/uploads\/2026\/04\/Dein-Abschnittstext-5_1.jpg\" data-width=\"1691\" data-height=\"1120\" aria-label=\"\" role=\"img\" ><\/div>\n\t\t\t\t\t\t\t\t\t\t\t<div class=\"elementor-gallery-item__overlay\"><\/div>\n\t\t\t\t\t\t\t\t\t\t\t\t\t\t<\/a>\n\t\t\t\t\t\t\t<a class=\"e-gallery-item elementor-gallery-item elementor-animated-content\" href=\"https:\/\/jugend-dirigiert.de\/wp-content\/uploads\/2026\/04\/IMG_9528.jpg\" data-elementor-open-lightbox=\"yes\" data-elementor-lightbox-slideshow=\"76f326f\" data-elementor-lightbox-title=\"IMG_9528\" data-e-action-hash=\"#elementor-action%3Aaction%3Dlightbox%26settings%3DeyJpZCI6MjQxOCwidXJsIjoiaHR0cHM6XC9cL2p1Z2VuZC1kaXJpZ2llcnQuZGVcL3dwLWNvbnRlbnRcL3VwbG9hZHNcLzIwMjZcLzA0XC9JTUdfOTUyOC5qcGciLCJzbGlkZXNob3ciOiI3NmYzMjZmIn0%3D\">\n\t\t\t\t\t<div class=\"e-gallery-image elementor-gallery-item__image\" data-thumbnail=\"https:\/\/jugend-dirigiert.de\/wp-content\/uploads\/2026\/04\/IMG_9528.jpg\" data-width=\"640\" data-height=\"356\" aria-label=\"\" role=\"img\" ><\/div>\n\t\t\t\t\t\t\t\t\t\t\t<div class=\"elementor-gallery-item__overlay\"><\/div>\n\t\t\t\t\t\t\t\t\t\t\t\t\t\t<\/a>\n\t\t\t\t\t\t\t<a class=\"e-gallery-item elementor-gallery-item elementor-animated-content\" href=\"https:\/\/jugend-dirigiert.de\/wp-content\/uploads\/2026\/04\/IMG_9631-1.jpg\" data-elementor-open-lightbox=\"yes\" data-elementor-lightbox-slideshow=\"76f326f\" data-elementor-lightbox-title=\"IMG_9631\" data-e-action-hash=\"#elementor-action%3Aaction%3Dlightbox%26settings%3DeyJpZCI6MjQyMCwidXJsIjoiaHR0cHM6XC9cL2p1Z2VuZC1kaXJpZ2llcnQuZGVcL3dwLWNvbnRlbnRcL3VwbG9hZHNcLzIwMjZcLzA0XC9JTUdfOTYzMS0xLmpwZyIsInNsaWRlc2hvdyI6Ijc2ZjMyNmYifQ%3D%3D\">\n\t\t\t\t\t<div class=\"e-gallery-image elementor-gallery-item__image\" data-thumbnail=\"https:\/\/jugend-dirigiert.de\/wp-content\/uploads\/2026\/04\/IMG_9631-1.jpg\" data-width=\"640\" data-height=\"364\" aria-label=\"\" role=\"img\" ><\/div>\n\t\t\t\t\t\t\t\t\t\t\t<div class=\"elementor-gallery-item__overlay\"><\/div>\n\t\t\t\t\t\t\t\t\t\t\t\t\t\t<\/a>\n\t\t\t\t\t\t\t<a class=\"e-gallery-item elementor-gallery-item elementor-animated-content\" href=\"https:\/\/jugend-dirigiert.de\/wp-content\/uploads\/2026\/04\/IMG_9633-1.jpg\" data-elementor-open-lightbox=\"yes\" data-elementor-lightbox-slideshow=\"76f326f\" data-elementor-lightbox-title=\"IMG_9633\" data-e-action-hash=\"#elementor-action%3Aaction%3Dlightbox%26settings%3DeyJpZCI6MjQyMiwidXJsIjoiaHR0cHM6XC9cL2p1Z2VuZC1kaXJpZ2llcnQuZGVcL3dwLWNvbnRlbnRcL3VwbG9hZHNcLzIwMjZcLzA0XC9JTUdfOTYzMy0xLmpwZyIsInNsaWRlc2hvdyI6Ijc2ZjMyNmYifQ%3D%3D\">\n\t\t\t\t\t<div class=\"e-gallery-image elementor-gallery-item__image\" data-thumbnail=\"https:\/\/jugend-dirigiert.de\/wp-content\/uploads\/2026\/04\/IMG_9633-1.jpg\" data-width=\"640\" data-height=\"416\" aria-label=\"\" role=\"img\" ><\/div>\n\t\t\t\t\t\t\t\t\t\t\t<div class=\"elementor-gallery-item__overlay\"><\/div>\n\t\t\t\t\t\t\t\t\t\t\t\t\t\t<\/a>\n\t\t\t\t\t\t\t<a class=\"e-gallery-item elementor-gallery-item elementor-animated-content\" href=\"https:\/\/jugend-dirigiert.de\/wp-content\/uploads\/2026\/04\/IMG_9676.jpg\" data-elementor-open-lightbox=\"yes\" data-elementor-lightbox-slideshow=\"76f326f\" data-elementor-lightbox-title=\"IMG_9676\" data-e-action-hash=\"#elementor-action%3Aaction%3Dlightbox%26settings%3DeyJpZCI6MjQyNCwidXJsIjoiaHR0cHM6XC9cL2p1Z2VuZC1kaXJpZ2llcnQuZGVcL3dwLWNvbnRlbnRcL3VwbG9hZHNcLzIwMjZcLzA0XC9JTUdfOTY3Ni5qcGciLCJzbGlkZXNob3ciOiI3NmYzMjZmIn0%3D\">\n\t\t\t\t\t<div class=\"e-gallery-image elementor-gallery-item__image\" data-thumbnail=\"https:\/\/jugend-dirigiert.de\/wp-content\/uploads\/2026\/04\/IMG_9676.jpg\" data-width=\"282\" data-height=\"640\" aria-label=\"\" role=\"img\" ><\/div>\n\t\t\t\t\t\t\t\t\t\t\t<div class=\"elementor-gallery-item__overlay\"><\/div>\n\t\t\t\t\t\t\t\t\t\t\t\t\t\t<\/a>\n\t\t\t\t\t<\/div>\n\t\t\t\t\t<\/div>\n\t\t\t\t<\/div>\n\t\t\t\t<div class=\"elementor-element elementor-element-04b9c75 elementor-widget elementor-widget-video\" data-id=\"04b9c75\" data-element_type=\"widget\" data-settings=\"{&quot;video_type&quot;:&quot;hosted&quot;,&quot;controls&quot;:&quot;yes&quot;}\" data-widget_type=\"video.default\">\n\t\t\t\t<div class=\"elementor-widget-container\">\n\t\t\t\t\t\t\t<div class=\"e-hosted-video elementor-wrapper elementor-open-inline\">\n\t\t\t\t\t<video class=\"elementor-video\" src=\"https:\/\/jugend-dirigiert.de\/wp-content\/uploads\/2026\/04\/04-Experiment-1.mp4\" controls=\"\" preload=\"metadata\" controlsList=\"nodownload\"><\/video>\n\t\t\t\t<\/div>\n\t\t\t\t\t\t<\/div>\n\t\t\t\t<\/div>\n\t\t\t\t\t<\/div>\n\t\t\t\t<\/div>\n\t\t\t\t<\/div>\n\t\t","protected":false},"excerpt":{"rendered":"<p>Was passiert, wenn Kinder nicht Musik lernen \u2013 sondern sie selbst erfinden? Keine Angst vor neuer Musik \u00f6ffnet einen Raum, in dem genau das geschieht. Sch\u00fclerinnen und Sch\u00fcler werden zu Klangforscher:innen und Komponist:innen. Sie entdecken, dass Musik \u00fcberall ist: im Ger\u00e4usch, im Atem, im Raum, im Allt\u00e4glichen. Und vor allem \u2013 in ihnen selbst. Gemeinsam [&hellip;]<\/p>\n","protected":false},"author":1,"featured_media":2429,"comment_status":"closed","ping_status":"closed","sticky":false,"template":"","format":"standard","meta":{"_acf_changed":false,"give_campaign_id":0,"footnotes":""},"categories":[22],"tags":[],"class_list":["post-2446","post","type-post","status-publish","format-standard","has-post-thumbnail","hentry","category-current-projects"],"acf":[],"_links":{"self":[{"href":"https:\/\/jugend-dirigiert.de\/en\/wp-json\/wp\/v2\/posts\/2446","targetHints":{"allow":["GET"]}}],"collection":[{"href":"https:\/\/jugend-dirigiert.de\/en\/wp-json\/wp\/v2\/posts"}],"about":[{"href":"https:\/\/jugend-dirigiert.de\/en\/wp-json\/wp\/v2\/types\/post"}],"author":[{"embeddable":true,"href":"https:\/\/jugend-dirigiert.de\/en\/wp-json\/wp\/v2\/users\/1"}],"replies":[{"embeddable":true,"href":"https:\/\/jugend-dirigiert.de\/en\/wp-json\/wp\/v2\/comments?post=2446"}],"version-history":[{"count":1,"href":"https:\/\/jugend-dirigiert.de\/en\/wp-json\/wp\/v2\/posts\/2446\/revisions"}],"predecessor-version":[{"id":2447,"href":"https:\/\/jugend-dirigiert.de\/en\/wp-json\/wp\/v2\/posts\/2446\/revisions\/2447"}],"wp:featuredmedia":[{"embeddable":true,"href":"https:\/\/jugend-dirigiert.de\/en\/wp-json\/wp\/v2\/media\/2429"}],"wp:attachment":[{"href":"https:\/\/jugend-dirigiert.de\/en\/wp-json\/wp\/v2\/media?parent=2446"}],"wp:term":[{"taxonomy":"category","embeddable":true,"href":"https:\/\/jugend-dirigiert.de\/en\/wp-json\/wp\/v2\/categories?post=2446"},{"taxonomy":"post_tag","embeddable":true,"href":"https:\/\/jugend-dirigiert.de\/en\/wp-json\/wp\/v2\/tags?post=2446"}],"curies":[{"name":"wp","href":"https:\/\/api.w.org\/{rel}","templated":true}]}}